{"id":299,"date":"2023-05-15T10:34:46","date_gmt":"2023-05-15T08:34:46","guid":{"rendered":"https:\/\/ostcjknjiznica.splet.arnes.si\/?p=299"},"modified":"2023-05-15T10:34:47","modified_gmt":"2023-05-15T08:34:47","slug":"ob-zakljucku-bralne-znacke-za-ucence-od-1-do-4-razreda","status":"publish","type":"post","link":"https:\/\/ostcjknjiznica.splet.arnes.si\/?p=299","title":{"rendered":"OB ZAKLJU\u010cKU BRALNE ZNA\u010cKE ZA U\u010cENCE OD       1. DO 4. RAZREDA"},"content":{"rendered":"\n<p>RAZSTAVA IN OBISK PISATELJICE MAJDE KOREN: VSE O PO\u0160ASTIH <\/p>\n\n\n\n<figure class=\"wp-block-gallery has-nested-images columns-default is-cropped wp-block-gallery-1 is-layout-flex wp-block-gallery-is-layout-flex\">\n<figure class=\"wp-block-image size-large\"><img loading=\"lazy\" decoding=\"async\" width=\"1024\" height=\"684\" data-id=\"316\" src=\"https:\/\/ostcjknjiznica.splet.arnes.si\/files\/2023\/05\/mici-na-obisku-5-1024x684.jpeg\" alt=\"\" class=\"wp-image-316\" srcset=\"https:\/\/ostcjknjiznica.splet.arnes.si\/files\/2023\/05\/mici-na-obisku-5-1024x684.jpeg 1024w, https:\/\/ostcjknjiznica.splet.arnes.si\/files\/2023\/05\/mici-na-obisku-5-300x201.jpeg 300w, https:\/\/ostcjknjiznica.splet.arnes.si\/files\/2023\/05\/mici-na-obisku-5-768x513.jpeg 768w, https:\/\/ostcjknjiznica.splet.arnes.si\/files\/2023\/05\/mici-na-obisku-5-1536x1027.jpeg 1536w, https:\/\/ostcjknjiznica.splet.arnes.si\/files\/2023\/05\/mici-na-obisku-5-2048x1369.jpeg 2048w\" sizes=\"auto, (max-width: 1024px) 100vw, 1024px\" \/><figcaption>Foto: Majda Koren<\/figcaption><\/figure>\n\n\n\n<figure class=\"wp-block-image size-large\"><img loading=\"lazy\" decoding=\"async\" width=\"1024\" height=\"768\" data-id=\"318\" src=\"https:\/\/ostcjknjiznica.splet.arnes.si\/files\/2023\/05\/nastop-1024x768.jpg\" alt=\"\" class=\"wp-image-318\" srcset=\"https:\/\/ostcjknjiznica.splet.arnes.si\/files\/2023\/05\/nastop-1024x768.jpg 1024w, https:\/\/ostcjknjiznica.splet.arnes.si\/files\/2023\/05\/nastop-300x225.jpg 300w, https:\/\/ostcjknjiznica.splet.arnes.si\/files\/2023\/05\/nastop-768x576.jpg 768w, https:\/\/ostcjknjiznica.splet.arnes.si\/files\/2023\/05\/nastop-1536x1152.jpg 1536w, https:\/\/ostcjknjiznica.splet.arnes.si\/files\/2023\/05\/nastop-2048x1536.jpg 2048w\" sizes=\"auto, (max-width: 1024px) 100vw, 1024px\" \/><figcaption>Foto: Meta \u0160uligoj<\/figcaption><\/figure>\n\n\n\n<figure class=\"wp-block-image size-large\"><img loading=\"lazy\" decoding=\"async\" width=\"768\" height=\"1024\" data-id=\"317\" src=\"https:\/\/ostcjknjiznica.splet.arnes.si\/files\/2023\/05\/razstava-3-4-768x1024.jpg\" alt=\"\" class=\"wp-image-317\" srcset=\"https:\/\/ostcjknjiznica.splet.arnes.si\/files\/2023\/05\/razstava-3-4-768x1024.jpg 768w, https:\/\/ostcjknjiznica.splet.arnes.si\/files\/2023\/05\/razstava-3-4-225x300.jpg 225w, https:\/\/ostcjknjiznica.splet.arnes.si\/files\/2023\/05\/razstava-3-4-1152x1536.jpg 1152w, https:\/\/ostcjknjiznica.splet.arnes.si\/files\/2023\/05\/razstava-3-4-1536x2048.jpg 1536w, https:\/\/ostcjknjiznica.splet.arnes.si\/files\/2023\/05\/razstava-3-4-scaled.jpg 1920w\" sizes=\"auto, (max-width: 768px) 100vw, 768px\" \/><figcaption>Foto: Katja Svetlin Pi\u0161\u010danec<\/figcaption><\/figure>\n<\/figure>\n\n\n\n<p>Ob zaklju\u010dku tekmovanja za bralno zna\u010dko, smo na galeriji pred zbornico pripravili razstavo o po\u0161astih in pisateljici Majdi Koren. Razstavili smo ve\u010dino njenih knjig, ki jih imamo na voljo za izposojo v na\u0161i \u0161olski knji\u017enici. U\u010denci, ki obiskujejo jutranje varstvo, so z u\u010denkama Emmo  in Tajo iz 8.c ustvarjali male po\u0161asti Mici v razli\u010dnih oblikah, \u010detrto\u0161olci so razstavili knji\u017ene kazalke na temo po\u0161asti, peto\u0161olci stripe.<\/p>\n\n\n\n<p>U\u010denci od 1. do 4. razreda, ki so osvojili bralno priznanje, so se v petek, 12. 5. 2023, udele\u017eili nagradne predstave. Obiskala nas je pisateljica, s katero smo se dru\u017eili ob vseh mogo\u010dih po\u0161astih. Najbolj nas je navdu\u0161ila radovedna in vedno polna presene\u010denj \u2013 Mici. S svojimi domislicami nas je spomnila na kak\u0161no na\u0161o traparijo. \u010cudili smo se Lojzi in vesolja, ki je na Zemljo priletela v krompirju. Ugotavljali smo, kak\u0161ne po\u0161astke smo mi \u2013 ugotovili smo, \u00a0da zagotovo sladoledne.<\/p>\n\n\n\n<figure class=\"wp-block-gallery has-nested-images columns-default is-cropped wp-block-gallery-2 is-layout-flex wp-block-gallery-is-layout-flex\">\n<figure class=\"wp-block-image size-large\"><img loading=\"lazy\" decoding=\"async\" width=\"1024\" height=\"768\" data-id=\"313\" src=\"https:\/\/ostcjknjiznica.splet.arnes.si\/files\/2023\/05\/emma-in-taja-1024x768.jpg\" alt=\"\" class=\"wp-image-313\" srcset=\"https:\/\/ostcjknjiznica.splet.arnes.si\/files\/2023\/05\/emma-in-taja-1024x768.jpg 1024w, https:\/\/ostcjknjiznica.splet.arnes.si\/files\/2023\/05\/emma-in-taja-300x225.jpg 300w, https:\/\/ostcjknjiznica.splet.arnes.si\/files\/2023\/05\/emma-in-taja-768x576.jpg 768w, https:\/\/ostcjknjiznica.splet.arnes.si\/files\/2023\/05\/emma-in-taja-1536x1152.jpg 1536w, https:\/\/ostcjknjiznica.splet.arnes.si\/files\/2023\/05\/emma-in-taja-2048x1536.jpg 2048w\" sizes=\"auto, (max-width: 1024px) 100vw, 1024px\" \/><figcaption>Foto: (vse) Meta \u0160uligoj<\/figcaption><\/figure>\n\n\n\n<figure class=\"wp-block-image size-large\"><img loading=\"lazy\" decoding=\"async\" width=\"768\" height=\"1024\" data-id=\"314\" src=\"https:\/\/ostcjknjiznica.splet.arnes.si\/files\/2023\/05\/velike-posasti-768x1024.jpg\" alt=\"\" class=\"wp-image-314\" srcset=\"https:\/\/ostcjknjiznica.splet.arnes.si\/files\/2023\/05\/velike-posasti-768x1024.jpg 768w, https:\/\/ostcjknjiznica.splet.arnes.si\/files\/2023\/05\/velike-posasti-225x300.jpg 225w, https:\/\/ostcjknjiznica.splet.arnes.si\/files\/2023\/05\/velike-posasti-1152x1536.jpg 1152w, https:\/\/ostcjknjiznica.splet.arnes.si\/files\/2023\/05\/velike-posasti-1536x2048.jpg 1536w, https:\/\/ostcjknjiznica.splet.arnes.si\/files\/2023\/05\/velike-posasti-scaled.jpg 1920w\" sizes=\"auto, (max-width: 768px) 100vw, 768px\" \/><\/figure>\n\n\n\n<figure class=\"wp-block-image size-large\"><img loading=\"lazy\" decoding=\"async\" width=\"1024\" height=\"768\" data-id=\"315\" src=\"https:\/\/ostcjknjiznica.splet.arnes.si\/files\/2023\/05\/vse-o-posastih-4-1024x768.jpg\" alt=\"\" class=\"wp-image-315\" srcset=\"https:\/\/ostcjknjiznica.splet.arnes.si\/files\/2023\/05\/vse-o-posastih-4-1024x768.jpg 1024w, https:\/\/ostcjknjiznica.splet.arnes.si\/files\/2023\/05\/vse-o-posastih-4-300x225.jpg 300w, https:\/\/ostcjknjiznica.splet.arnes.si\/files\/2023\/05\/vse-o-posastih-4-768x576.jpg 768w, https:\/\/ostcjknjiznica.splet.arnes.si\/files\/2023\/05\/vse-o-posastih-4-1536x1152.jpg 1536w, https:\/\/ostcjknjiznica.splet.arnes.si\/files\/2023\/05\/vse-o-posastih-4-2048x1536.jpg 2048w\" sizes=\"auto, (max-width: 1024px) 100vw, 1024px\" \/><\/figure>\n<\/figure>\n\n\n\n<figure class=\"wp-block-gallery has-nested-images columns-default is-cropped wp-block-gallery-3 is-layout-flex wp-block-gallery-is-layout-flex\">\n<figure class=\"wp-block-image size-large\"><img loading=\"lazy\" decoding=\"async\" width=\"768\" height=\"1024\" data-id=\"319\" src=\"https:\/\/ostcjknjiznica.splet.arnes.si\/files\/2023\/05\/leo-in-majda-768x1024.jpg\" alt=\"\" class=\"wp-image-319\" srcset=\"https:\/\/ostcjknjiznica.splet.arnes.si\/files\/2023\/05\/leo-in-majda-768x1024.jpg 768w, https:\/\/ostcjknjiznica.splet.arnes.si\/files\/2023\/05\/leo-in-majda-225x300.jpg 225w, https:\/\/ostcjknjiznica.splet.arnes.si\/files\/2023\/05\/leo-in-majda-1152x1536.jpg 1152w, https:\/\/ostcjknjiznica.splet.arnes.si\/files\/2023\/05\/leo-in-majda-1536x2048.jpg 1536w, https:\/\/ostcjknjiznica.splet.arnes.si\/files\/2023\/05\/leo-in-majda-scaled.jpg 1920w\" sizes=\"auto, (max-width: 768px) 100vw, 768px\" \/><figcaption>Foto: (vse) Meta \u0160uligoj<\/figcaption><\/figure>\n\n\n\n<figure class=\"wp-block-image size-large\"><img loading=\"lazy\" decoding=\"async\" width=\"768\" height=\"1024\" data-id=\"320\" src=\"https:\/\/ostcjknjiznica.splet.arnes.si\/files\/2023\/05\/maj-in-majda-768x1024.jpg\" alt=\"\" class=\"wp-image-320\" srcset=\"https:\/\/ostcjknjiznica.splet.arnes.si\/files\/2023\/05\/maj-in-majda-768x1024.jpg 768w, https:\/\/ostcjknjiznica.splet.arnes.si\/files\/2023\/05\/maj-in-majda-225x300.jpg 225w, https:\/\/ostcjknjiznica.splet.arnes.si\/files\/2023\/05\/maj-in-majda-1152x1536.jpg 1152w, https:\/\/ostcjknjiznica.splet.arnes.si\/files\/2023\/05\/maj-in-majda-1536x2048.jpg 1536w, https:\/\/ostcjknjiznica.splet.arnes.si\/files\/2023\/05\/maj-in-majda-scaled.jpg 1920w\" sizes=\"auto, (max-width: 768px) 100vw, 768px\" \/><\/figure>\n\n\n\n<figure class=\"wp-block-image size-large\"><img loading=\"lazy\" decoding=\"async\" width=\"768\" height=\"1024\" data-id=\"321\" src=\"https:\/\/ostcjknjiznica.splet.arnes.si\/files\/2023\/05\/majda-v-knjiznici-768x1024.jpg\" alt=\"\" class=\"wp-image-321\" srcset=\"https:\/\/ostcjknjiznica.splet.arnes.si\/files\/2023\/05\/majda-v-knjiznici-768x1024.jpg 768w, https:\/\/ostcjknjiznica.splet.arnes.si\/files\/2023\/05\/majda-v-knjiznici-225x300.jpg 225w, https:\/\/ostcjknjiznica.splet.arnes.si\/files\/2023\/05\/majda-v-knjiznici-1152x1536.jpg 1152w, https:\/\/ostcjknjiznica.splet.arnes.si\/files\/2023\/05\/majda-v-knjiznici-1536x2048.jpg 1536w, https:\/\/ostcjknjiznica.splet.arnes.si\/files\/2023\/05\/majda-v-knjiznici-scaled.jpg 1920w\" sizes=\"auto, (max-width: 768px) 100vw, 768px\" \/><\/figure>\n<\/figure>\n\n\n\n<p>Zelo ponosni smo na vse bralke in bralce, ki so v leto\u0161njem letu osvojili bralno zna\u010dko. Prav med najmlaj\u0161imi jih je najve\u010d, kar 291 jih je bilo na prireditvi. Ob koncu, v knji\u017enici, smo od Mici in pisateljice dobili posebna sporo\u010dila:<\/p>\n\n\n\n<figure class=\"wp-block-gallery has-nested-images columns-default is-cropped wp-block-gallery-4 is-layout-flex wp-block-gallery-is-layout-flex\">\n<figure class=\"wp-block-image size-large\"><img loading=\"lazy\" decoding=\"async\" width=\"768\" height=\"1024\" data-id=\"324\" src=\"https:\/\/ostcjknjiznica.splet.arnes.si\/files\/2023\/05\/cufarjevci-so-zakon-1-768x1024.jpg\" alt=\"\" class=\"wp-image-324\" srcset=\"https:\/\/ostcjknjiznica.splet.arnes.si\/files\/2023\/05\/cufarjevci-so-zakon-1-768x1024.jpg 768w, https:\/\/ostcjknjiznica.splet.arnes.si\/files\/2023\/05\/cufarjevci-so-zakon-1-225x300.jpg 225w, https:\/\/ostcjknjiznica.splet.arnes.si\/files\/2023\/05\/cufarjevci-so-zakon-1-1152x1536.jpg 1152w, https:\/\/ostcjknjiznica.splet.arnes.si\/files\/2023\/05\/cufarjevci-so-zakon-1-1536x2048.jpg 1536w, https:\/\/ostcjknjiznica.splet.arnes.si\/files\/2023\/05\/cufarjevci-so-zakon-1-scaled.jpg 1920w\" sizes=\"auto, (max-width: 768px) 100vw, 768px\" \/><figcaption>Foto: (obe) Katja Svetlin Pi\u0161\u010danec<\/figcaption><\/figure>\n\n\n\n<figure class=\"wp-block-image size-large\"><img loading=\"lazy\" decoding=\"async\" width=\"768\" height=\"1024\" data-id=\"325\" src=\"https:\/\/ostcjknjiznica.splet.arnes.si\/files\/2023\/05\/cufarjevci-1-768x1024.jpg\" alt=\"\" class=\"wp-image-325\" srcset=\"https:\/\/ostcjknjiznica.splet.arnes.si\/files\/2023\/05\/cufarjevci-1-768x1024.jpg 768w, https:\/\/ostcjknjiznica.splet.arnes.si\/files\/2023\/05\/cufarjevci-1-225x300.jpg 225w, https:\/\/ostcjknjiznica.splet.arnes.si\/files\/2023\/05\/cufarjevci-1-1152x1536.jpg 1152w, https:\/\/ostcjknjiznica.splet.arnes.si\/files\/2023\/05\/cufarjevci-1-1536x2048.jpg 1536w, https:\/\/ostcjknjiznica.splet.arnes.si\/files\/2023\/05\/cufarjevci-1-scaled.jpg 1920w\" sizes=\"auto, (max-width: 768px) 100vw, 768px\" \/><\/figure>\n<\/figure>\n\n\n\n<p> \u010cestitke vsem bralcem in bralkam, mentoricam gre zahvala za spodbude pri branju. Spro\u0161\u010deno vzdu\u0161je nas je zagotovo spodbudilo za dru\u017eenje ob branju v naslednjem \u0161olskem. Veselimo se skupnih bralnih do\u017eivetij.<\/p>\n\n\n\n<p>Koordinatorica bralne zna\u010dke: Katja Svetlin Pi\u0161\u010danec<\/p>\n","protected":false},"excerpt":{"rendered":"<p>RAZSTAVA IN OBISK PISATELJICE MAJDE KOREN: VSE O PO\u0160ASTIH Ob zaklju\u010dku tekmovanja za bralno zna\u010dko, smo na galeriji pred zbornico pripravili razstavo o po\u0161astih in pisateljici Majdi Koren. Razstavili smo ve\u010dino njenih knjig, ki jih imamo na voljo za izposojo v na\u0161i \u0161olski knji\u017enici. U\u010denci, ki obiskujejo jutranje varstvo, so z u\u010denkama Emmo in Tajo &hellip; <a href=\"https:\/\/ostcjknjiznica.splet.arnes.si\/?p=299\" class=\"more-link\">Preberi ve\u010d <span class=\"screen-reader-text\">OB ZAKLJU\u010cKU BRALNE ZNA\u010cKE ZA U\u010cENCE OD       1. DO 4. RAZREDA<\/span> <span class=\"meta-nav\">&rarr;<\/span><\/a><\/p>\n","protected":false},"author":6054,"featured_media":0,"comment_status":"closed","ping_status":"closed","sticky":false,"template":"","format":"standard","meta":{"footnotes":""},"categories":[1],"tags":[],"class_list":["post-299","post","type-post","status-publish","format-standard","hentry","category-nekategorizirano"],"_links":{"self":[{"href":"https:\/\/ostcjknjiznica.splet.arnes.si\/index.php?rest_route=\/wp\/v2\/posts\/299","targetHints":{"allow":["GET"]}}],"collection":[{"href":"https:\/\/ostcjknjiznica.splet.arnes.si\/index.php?rest_route=\/wp\/v2\/posts"}],"about":[{"href":"https:\/\/ostcjknjiznica.splet.arnes.si\/index.php?rest_route=\/wp\/v2\/types\/post"}],"author":[{"embeddable":true,"href":"https:\/\/ostcjknjiznica.splet.arnes.si\/index.php?rest_route=\/wp\/v2\/users\/6054"}],"replies":[{"embeddable":true,"href":"https:\/\/ostcjknjiznica.splet.arnes.si\/index.php?rest_route=%2Fwp%2Fv2%2Fcomments&post=299"}],"version-history":[{"count":1,"href":"https:\/\/ostcjknjiznica.splet.arnes.si\/index.php?rest_route=\/wp\/v2\/posts\/299\/revisions"}],"predecessor-version":[{"id":326,"href":"https:\/\/ostcjknjiznica.splet.arnes.si\/index.php?rest_route=\/wp\/v2\/posts\/299\/revisions\/326"}],"wp:attachment":[{"href":"https:\/\/ostcjknjiznica.splet.arnes.si\/index.php?rest_route=%2Fwp%2Fv2%2Fmedia&parent=299"}],"wp:term":[{"taxonomy":"category","embeddable":true,"href":"https:\/\/ostcjknjiznica.splet.arnes.si\/index.php?rest_route=%2Fwp%2Fv2%2Fcategories&post=299"},{"taxonomy":"post_tag","embeddable":true,"href":"https:\/\/ostcjknjiznica.splet.arnes.si\/index.php?rest_route=%2Fwp%2Fv2%2Ftags&post=299"}],"curies":[{"name":"wp","href":"https:\/\/api.w.org\/{rel}","templated":true}]}}